{"id":1155,"date":"2022-12-09T16:32:32","date_gmt":"2022-12-09T15:32:32","guid":{"rendered":"https:\/\/findmyspace.ch\/?p=1155"},"modified":"2025-12-03T22:00:13","modified_gmt":"2025-12-03T21:00:13","slug":"baubewilligung-fuer-das-projekt-ek11-in-meyrin-ge-erteilt","status":"publish","type":"post","link":"https:\/\/findmyspace.ch\/de\/baubewilligung-fuer-das-projekt-ek11-in-meyrin-ge-erteilt\/","title":{"rendered":"Baubewilligung f\u00fcr das Projekt EK11 in Meyrin (GE) erteilt"},"content":{"rendered":"\n<p><strong><a href=\"https:\/\/variaswissrealtech.com\/\" target=\"_blank\" rel=\"noreferrer noopener\">Varia Swiss Realtech Properties<\/a> hat eine Baugenehmigung f\u00fcr ihr neuestes 18&#8217;000 m2 Industrie- und Logistikprojekt EK11 in Meyrin (GE) erhalten.<\/strong><\/p>\n\n\n\n<p>Das Projekt EK11 befindet sich in einer aussergew\u00f6hnlichen Lage in einem der Genfer Hauptindustriegebiete &#8211; ZIMEYSA &#8211; in der N\u00e4he des Genfer Flughafens und des Stadtzentrums mit schnellem Zugang zur Autobahn und zu \u00f6ffentlichen Verkehrsmitteln.<\/p>\n\n\n\n<p>Die Region in der sich das Projekts befindet, ZIMEYSAVER, plant den gr\u00f6\u00dften Industriestandort des Kantons zu entwickeln und bis im Jahr 2030 min. 10.000 neue Arbeitspl\u00e4tze zu schaffen.<\/p>\n\n\n\n<p>Das auf einem Grundst\u00fcck von ca. 11&#8217;000 m\u00b2 bestehende Geb\u00e4ude wird vor Jahresende 2022 abgerissen, um den Bau eines neuen, hochmodernen Logistikgeb\u00e4udes zu erm\u00f6glichen. Das neue Geb\u00e4ude wird eine Fl\u00e4che von ca. <strong>17&#8217;800 m\u00b2 <\/strong>auf vier Stockwerken bieten. Unter anderem gibt es <strong>3&#8217;500 m\u00b2 B\u00fcrofl\u00e4che<\/strong>, <strong>11 Laderampen<\/strong> und <strong>\u00fcber 100 Tiefgaragenpl\u00e4tze<\/strong>.<\/p>\n\n\n\n<p>Das Projekt ist auf die logistischen und industriellen Bed\u00fcrfnisse von Unternehmen zugeschnitten und erf\u00fcllt die modernsten technischen Anforderungen und bietet ebenfalls <strong>wie eine maximale Deckenh\u00f6he von 7 Metern<\/strong> im Erdgeschoss, eine <strong>Bodenbelastbarkeit von 2,5 t\/m\u00b2 <\/strong>und modulare Fl\u00e4chen.<\/p>\n\n\n\n<p>Durch die Integration von LED-Beleuchtungstechnologie, einer W\u00e4rmepumpe und Solarpaneelen auf dem Dach wird es auch in Bezug auf die <strong>Energieeffizienz<\/strong> h\u00f6chste Standards erreichen.<\/p>\n\n\n\n<p>Gro\u00dfe Fensterfl\u00e4chen und begr\u00fcnte Innenh\u00f6fe werden alle R\u00e4umlichkeiten in den oberen Stockwerken mit nat\u00fcrlichem Licht versorgen und den Komfort der Mitarbeiter gew\u00e4hrleisten.<\/p>\n\n\n\n<p>Der Baubeginn ist f\u00fcr Dezember 2022 und die \u00dcbergabe des Geb\u00e4udes ist f\u00fcr das vierte Quartal 2024 geplant.<\/p>\n","protected":false},"excerpt":{"rendered":"<p>Varia Swiss Realtech Properties hat eine Baugenehmigung f\u00fcr ihr neuestes 18&#8217;000 m2 Industrie- und Logistikprojekt EK11 in Meyrin (GE) erhalten.<\/p>\n<div class=\"readmorelinkcontentbox\"><a href=\"https:\/\/findmyspace.ch\/de\/baubewilligung-fuer-das-projekt-ek11-in-meyrin-ge-erteilt\/\" rel=\"nofollow\">Weiterlesen<\/a><\/div>\n","protected":false},"author":7,"featured_media":1139,"comment_status":"closed","ping_status":"closed","sticky":false,"template":"","format":"standard","meta":{"_acf_changed":false,"footnotes":""},"categories":[46],"tags":[],"class_list":["post-1155","post","type-post","status-publish","format-standard","has-post-thumbnail","hentry","category-news"],"acf":[],"yoast_head":"<!-- This site is optimized with the Yoast SEO plugin v26.9 - https:\/\/yoast.com\/product\/yoast-seo-wordpress\/ -->\n<title>Baubewilligung f\u00fcr das Projekt EK11 in Meyrin (GE) erteilt - Find my space<\/title>\n<meta name=\"robots\" content=\"index, follow, max-snippet:-1, max-image-preview:large, max-video-preview:-1\" \/>\n<link rel=\"canonical\" href=\"https:\/\/findmyspace.ch\/de\/baubewilligung-fuer-das-projekt-ek11-in-meyrin-ge-erteilt\/\" \/>\n<meta property=\"og:locale\" content=\"de_DE\" \/>\n<meta property=\"og:type\" content=\"article\" \/>\n<meta property=\"og:title\" content=\"Baubewilligung f\u00fcr das Projekt EK11 in Meyrin (GE) erteilt - Find my space\" \/>\n<meta property=\"og:description\" content=\"Varia Swiss Realtech Properties hat eine Baugenehmigung f\u00fcr ihr neuestes 18&#8217;000 m2 Industrie- und Logistikprojekt EK11 in Meyrin (GE) erhalten.Weiterlesen\" \/>\n<meta property=\"og:url\" content=\"https:\/\/findmyspace.ch\/de\/baubewilligung-fuer-das-projekt-ek11-in-meyrin-ge-erteilt\/\" \/>\n<meta property=\"og:site_name\" content=\"Find my space\" \/>\n<meta property=\"article:published_time\" content=\"2022-12-09T15:32:32+00:00\" \/>\n<meta property=\"article:modified_time\" content=\"2025-12-03T21:00:13+00:00\" \/>\n<meta property=\"og:image\" content=\"https:\/\/findmyspace.ch\/wp-content\/uploads\/2022\/12\/PHOTO-2021-11-09-18-52-17.jpg\" \/>\n\t<meta property=\"og:image:width\" content=\"1280\" \/>\n\t<meta property=\"og:image:height\" content=\"853\" \/>\n\t<meta property=\"og:image:type\" content=\"image\/jpeg\" \/>\n<meta name=\"author\" content=\"Ernestine Visser\" \/>\n<meta name=\"twitter:card\" content=\"summary_large_image\" \/>\n<meta name=\"twitter:label1\" content=\"Verfasst von\" \/>\n\t<meta name=\"twitter:data1\" content=\"Ernestine Visser\" \/>\n\t<meta name=\"twitter:label2\" content=\"Gesch\u00e4tzte Lesezeit\" \/>\n\t<meta name=\"twitter:data2\" content=\"2\u00a0Minuten\" \/>\n<script type=\"application\/ld+json\" class=\"yoast-schema-graph\">{\"@context\":\"https:\/\/schema.org\",\"@graph\":[{\"@type\":\"Article\",\"@id\":\"https:\/\/findmyspace.ch\/de\/baubewilligung-fuer-das-projekt-ek11-in-meyrin-ge-erteilt\/#article\",\"isPartOf\":{\"@id\":\"https:\/\/findmyspace.ch\/de\/baubewilligung-fuer-das-projekt-ek11-in-meyrin-ge-erteilt\/\"},\"author\":{\"name\":\"Ernestine Visser\",\"@id\":\"https:\/\/findmyspace.ch\/#\/schema\/person\/98b9af3c54de6064132082260a2d3abb\"},\"headline\":\"Baubewilligung f\u00fcr das Projekt EK11 in Meyrin (GE) erteilt\",\"datePublished\":\"2022-12-09T15:32:32+00:00\",\"dateModified\":\"2025-12-03T21:00:13+00:00\",\"mainEntityOfPage\":{\"@id\":\"https:\/\/findmyspace.ch\/de\/baubewilligung-fuer-das-projekt-ek11-in-meyrin-ge-erteilt\/\"},\"wordCount\":263,\"publisher\":{\"@id\":\"https:\/\/findmyspace.ch\/#organization\"},\"image\":{\"@id\":\"https:\/\/findmyspace.ch\/de\/baubewilligung-fuer-das-projekt-ek11-in-meyrin-ge-erteilt\/#primaryimage\"},\"thumbnailUrl\":\"https:\/\/findmyspace.ch\/wp-content\/uploads\/2022\/12\/PHOTO-2021-11-09-18-52-17.jpg\",\"articleSection\":[\"News\"],\"inLanguage\":\"de\"},{\"@type\":\"WebPage\",\"@id\":\"https:\/\/findmyspace.ch\/de\/baubewilligung-fuer-das-projekt-ek11-in-meyrin-ge-erteilt\/\",\"url\":\"https:\/\/findmyspace.ch\/de\/baubewilligung-fuer-das-projekt-ek11-in-meyrin-ge-erteilt\/\",\"name\":\"Baubewilligung f\u00fcr das Projekt EK11 in Meyrin (GE) erteilt - Find my space\",\"isPartOf\":{\"@id\":\"https:\/\/findmyspace.ch\/#website\"},\"primaryImageOfPage\":{\"@id\":\"https:\/\/findmyspace.ch\/de\/baubewilligung-fuer-das-projekt-ek11-in-meyrin-ge-erteilt\/#primaryimage\"},\"image\":{\"@id\":\"https:\/\/findmyspace.ch\/de\/baubewilligung-fuer-das-projekt-ek11-in-meyrin-ge-erteilt\/#primaryimage\"},\"thumbnailUrl\":\"https:\/\/findmyspace.ch\/wp-content\/uploads\/2022\/12\/PHOTO-2021-11-09-18-52-17.jpg\",\"datePublished\":\"2022-12-09T15:32:32+00:00\",\"dateModified\":\"2025-12-03T21:00:13+00:00\",\"breadcrumb\":{\"@id\":\"https:\/\/findmyspace.ch\/de\/baubewilligung-fuer-das-projekt-ek11-in-meyrin-ge-erteilt\/#breadcrumb\"},\"inLanguage\":\"de\",\"potentialAction\":[{\"@type\":\"ReadAction\",\"target\":[\"https:\/\/findmyspace.ch\/de\/baubewilligung-fuer-das-projekt-ek11-in-meyrin-ge-erteilt\/\"]}]},{\"@type\":\"ImageObject\",\"inLanguage\":\"de\",\"@id\":\"https:\/\/findmyspace.ch\/de\/baubewilligung-fuer-das-projekt-ek11-in-meyrin-ge-erteilt\/#primaryimage\",\"url\":\"https:\/\/findmyspace.ch\/wp-content\/uploads\/2022\/12\/PHOTO-2021-11-09-18-52-17.jpg\",\"contentUrl\":\"https:\/\/findmyspace.ch\/wp-content\/uploads\/2022\/12\/PHOTO-2021-11-09-18-52-17.jpg\",\"width\":1280,\"height\":853},{\"@type\":\"BreadcrumbList\",\"@id\":\"https:\/\/findmyspace.ch\/de\/baubewilligung-fuer-das-projekt-ek11-in-meyrin-ge-erteilt\/#breadcrumb\",\"itemListElement\":[{\"@type\":\"ListItem\",\"position\":1,\"name\":\"Home\",\"item\":\"https:\/\/findmyspace.ch\/de\/\"},{\"@type\":\"ListItem\",\"position\":2,\"name\":\"Baubewilligung f\u00fcr das Projekt EK11 in Meyrin (GE) erteilt\"}]},{\"@type\":\"WebSite\",\"@id\":\"https:\/\/findmyspace.ch\/#website\",\"url\":\"https:\/\/findmyspace.ch\/\",\"name\":\"Find my space\",\"description\":\"Surfaces commerciales et industrielles\",\"publisher\":{\"@id\":\"https:\/\/findmyspace.ch\/#organization\"},\"potentialAction\":[{\"@type\":\"SearchAction\",\"target\":{\"@type\":\"EntryPoint\",\"urlTemplate\":\"https:\/\/findmyspace.ch\/?s={search_term_string}\"},\"query-input\":{\"@type\":\"PropertyValueSpecification\",\"valueRequired\":true,\"valueName\":\"search_term_string\"}}],\"inLanguage\":\"de\"},{\"@type\":\"Organization\",\"@id\":\"https:\/\/findmyspace.ch\/#organization\",\"name\":\"Find my space\",\"url\":\"https:\/\/findmyspace.ch\/\",\"logo\":{\"@type\":\"ImageObject\",\"inLanguage\":\"de\",\"@id\":\"https:\/\/findmyspace.ch\/#\/schema\/logo\/image\/\",\"url\":\"https:\/\/findmyspace.ch\/wp-content\/uploads\/2022\/09\/findmyspace.png\",\"contentUrl\":\"https:\/\/findmyspace.ch\/wp-content\/uploads\/2022\/09\/findmyspace.png\",\"width\":152,\"height\":93,\"caption\":\"Find my space\"},\"image\":{\"@id\":\"https:\/\/findmyspace.ch\/#\/schema\/logo\/image\/\"}},{\"@type\":\"Person\",\"@id\":\"https:\/\/findmyspace.ch\/#\/schema\/person\/98b9af3c54de6064132082260a2d3abb\",\"name\":\"Ernestine Visser\",\"image\":{\"@type\":\"ImageObject\",\"inLanguage\":\"de\",\"@id\":\"https:\/\/findmyspace.ch\/#\/schema\/person\/image\/\",\"url\":\"https:\/\/secure.gravatar.com\/avatar\/9200e3cc8f0b1182dac763f29ffff96d7f70538f1bf7e6f753e81739f7fee93d?s=96&d=mm&r=g\",\"contentUrl\":\"https:\/\/secure.gravatar.com\/avatar\/9200e3cc8f0b1182dac763f29ffff96d7f70538f1bf7e6f753e81739f7fee93d?s=96&d=mm&r=g\",\"caption\":\"Ernestine Visser\"},\"url\":\"https:\/\/findmyspace.ch\/de\/author\/ernestine-visser\/\"}]}<\/script>\n<!-- \/ Yoast SEO plugin. -->","yoast_head_json":{"title":"Baubewilligung f\u00fcr das Projekt EK11 in Meyrin (GE) erteilt - Find my space","robots":{"index":"index","follow":"follow","max-snippet":"max-snippet:-1","max-image-preview":"max-image-preview:large","max-video-preview":"max-video-preview:-1"},"canonical":"https:\/\/findmyspace.ch\/de\/baubewilligung-fuer-das-projekt-ek11-in-meyrin-ge-erteilt\/","og_locale":"de_DE","og_type":"article","og_title":"Baubewilligung f\u00fcr das Projekt EK11 in Meyrin (GE) erteilt - Find my space","og_description":"Varia Swiss Realtech Properties hat eine Baugenehmigung f\u00fcr ihr neuestes 18&#8217;000 m2 Industrie- und Logistikprojekt EK11 in Meyrin (GE) erhalten.Weiterlesen","og_url":"https:\/\/findmyspace.ch\/de\/baubewilligung-fuer-das-projekt-ek11-in-meyrin-ge-erteilt\/","og_site_name":"Find my space","article_published_time":"2022-12-09T15:32:32+00:00","article_modified_time":"2025-12-03T21:00:13+00:00","og_image":[{"width":1280,"height":853,"url":"https:\/\/findmyspace.ch\/wp-content\/uploads\/2022\/12\/PHOTO-2021-11-09-18-52-17.jpg","type":"image\/jpeg"}],"author":"Ernestine Visser","twitter_card":"summary_large_image","twitter_misc":{"Verfasst von":"Ernestine Visser","Gesch\u00e4tzte Lesezeit":"2\u00a0Minuten"},"schema":{"@context":"https:\/\/schema.org","@graph":[{"@type":"Article","@id":"https:\/\/findmyspace.ch\/de\/baubewilligung-fuer-das-projekt-ek11-in-meyrin-ge-erteilt\/#article","isPartOf":{"@id":"https:\/\/findmyspace.ch\/de\/baubewilligung-fuer-das-projekt-ek11-in-meyrin-ge-erteilt\/"},"author":{"name":"Ernestine Visser","@id":"https:\/\/findmyspace.ch\/#\/schema\/person\/98b9af3c54de6064132082260a2d3abb"},"headline":"Baubewilligung f\u00fcr das Projekt EK11 in Meyrin (GE) erteilt","datePublished":"2022-12-09T15:32:32+00:00","dateModified":"2025-12-03T21:00:13+00:00","mainEntityOfPage":{"@id":"https:\/\/findmyspace.ch\/de\/baubewilligung-fuer-das-projekt-ek11-in-meyrin-ge-erteilt\/"},"wordCount":263,"publisher":{"@id":"https:\/\/findmyspace.ch\/#organization"},"image":{"@id":"https:\/\/findmyspace.ch\/de\/baubewilligung-fuer-das-projekt-ek11-in-meyrin-ge-erteilt\/#primaryimage"},"thumbnailUrl":"https:\/\/findmyspace.ch\/wp-content\/uploads\/2022\/12\/PHOTO-2021-11-09-18-52-17.jpg","articleSection":["News"],"inLanguage":"de"},{"@type":"WebPage","@id":"https:\/\/findmyspace.ch\/de\/baubewilligung-fuer-das-projekt-ek11-in-meyrin-ge-erteilt\/","url":"https:\/\/findmyspace.ch\/de\/baubewilligung-fuer-das-projekt-ek11-in-meyrin-ge-erteilt\/","name":"Baubewilligung f\u00fcr das Projekt EK11 in Meyrin (GE) erteilt - Find my space","isPartOf":{"@id":"https:\/\/findmyspace.ch\/#website"},"primaryImageOfPage":{"@id":"https:\/\/findmyspace.ch\/de\/baubewilligung-fuer-das-projekt-ek11-in-meyrin-ge-erteilt\/#primaryimage"},"image":{"@id":"https:\/\/findmyspace.ch\/de\/baubewilligung-fuer-das-projekt-ek11-in-meyrin-ge-erteilt\/#primaryimage"},"thumbnailUrl":"https:\/\/findmyspace.ch\/wp-content\/uploads\/2022\/12\/PHOTO-2021-11-09-18-52-17.jpg","datePublished":"2022-12-09T15:32:32+00:00","dateModified":"2025-12-03T21:00:13+00:00","breadcrumb":{"@id":"https:\/\/findmyspace.ch\/de\/baubewilligung-fuer-das-projekt-ek11-in-meyrin-ge-erteilt\/#breadcrumb"},"inLanguage":"de","potentialAction":[{"@type":"ReadAction","target":["https:\/\/findmyspace.ch\/de\/baubewilligung-fuer-das-projekt-ek11-in-meyrin-ge-erteilt\/"]}]},{"@type":"ImageObject","inLanguage":"de","@id":"https:\/\/findmyspace.ch\/de\/baubewilligung-fuer-das-projekt-ek11-in-meyrin-ge-erteilt\/#primaryimage","url":"https:\/\/findmyspace.ch\/wp-content\/uploads\/2022\/12\/PHOTO-2021-11-09-18-52-17.jpg","contentUrl":"https:\/\/findmyspace.ch\/wp-content\/uploads\/2022\/12\/PHOTO-2021-11-09-18-52-17.jpg","width":1280,"height":853},{"@type":"BreadcrumbList","@id":"https:\/\/findmyspace.ch\/de\/baubewilligung-fuer-das-projekt-ek11-in-meyrin-ge-erteilt\/#breadcrumb","itemListElement":[{"@type":"ListItem","position":1,"name":"Home","item":"https:\/\/findmyspace.ch\/de\/"},{"@type":"ListItem","position":2,"name":"Baubewilligung f\u00fcr das Projekt EK11 in Meyrin (GE) erteilt"}]},{"@type":"WebSite","@id":"https:\/\/findmyspace.ch\/#website","url":"https:\/\/findmyspace.ch\/","name":"Find my space","description":"Surfaces commerciales et industrielles","publisher":{"@id":"https:\/\/findmyspace.ch\/#organization"},"potentialAction":[{"@type":"SearchAction","target":{"@type":"EntryPoint","urlTemplate":"https:\/\/findmyspace.ch\/?s={search_term_string}"},"query-input":{"@type":"PropertyValueSpecification","valueRequired":true,"valueName":"search_term_string"}}],"inLanguage":"de"},{"@type":"Organization","@id":"https:\/\/findmyspace.ch\/#organization","name":"Find my space","url":"https:\/\/findmyspace.ch\/","logo":{"@type":"ImageObject","inLanguage":"de","@id":"https:\/\/findmyspace.ch\/#\/schema\/logo\/image\/","url":"https:\/\/findmyspace.ch\/wp-content\/uploads\/2022\/09\/findmyspace.png","contentUrl":"https:\/\/findmyspace.ch\/wp-content\/uploads\/2022\/09\/findmyspace.png","width":152,"height":93,"caption":"Find my space"},"image":{"@id":"https:\/\/findmyspace.ch\/#\/schema\/logo\/image\/"}},{"@type":"Person","@id":"https:\/\/findmyspace.ch\/#\/schema\/person\/98b9af3c54de6064132082260a2d3abb","name":"Ernestine Visser","image":{"@type":"ImageObject","inLanguage":"de","@id":"https:\/\/findmyspace.ch\/#\/schema\/person\/image\/","url":"https:\/\/secure.gravatar.com\/avatar\/9200e3cc8f0b1182dac763f29ffff96d7f70538f1bf7e6f753e81739f7fee93d?s=96&d=mm&r=g","contentUrl":"https:\/\/secure.gravatar.com\/avatar\/9200e3cc8f0b1182dac763f29ffff96d7f70538f1bf7e6f753e81739f7fee93d?s=96&d=mm&r=g","caption":"Ernestine Visser"},"url":"https:\/\/findmyspace.ch\/de\/author\/ernestine-visser\/"}]}},"_links":{"self":[{"href":"https:\/\/findmyspace.ch\/de\/wp-json\/wp\/v2\/posts\/1155","targetHints":{"allow":["GET"]}}],"collection":[{"href":"https:\/\/findmyspace.ch\/de\/wp-json\/wp\/v2\/posts"}],"about":[{"href":"https:\/\/findmyspace.ch\/de\/wp-json\/wp\/v2\/types\/post"}],"author":[{"embeddable":true,"href":"https:\/\/findmyspace.ch\/de\/wp-json\/wp\/v2\/users\/7"}],"replies":[{"embeddable":true,"href":"https:\/\/findmyspace.ch\/de\/wp-json\/wp\/v2\/comments?post=1155"}],"version-history":[{"count":2,"href":"https:\/\/findmyspace.ch\/de\/wp-json\/wp\/v2\/posts\/1155\/revisions"}],"predecessor-version":[{"id":1159,"href":"https:\/\/findmyspace.ch\/de\/wp-json\/wp\/v2\/posts\/1155\/revisions\/1159"}],"wp:featuredmedia":[{"embeddable":true,"href":"https:\/\/findmyspace.ch\/de\/wp-json\/wp\/v2\/media\/1139"}],"wp:attachment":[{"href":"https:\/\/findmyspace.ch\/de\/wp-json\/wp\/v2\/media?parent=1155"}],"wp:term":[{"taxonomy":"category","embeddable":true,"href":"https:\/\/findmyspace.ch\/de\/wp-json\/wp\/v2\/categories?post=1155"},{"taxonomy":"post_tag","embeddable":true,"href":"https:\/\/findmyspace.ch\/de\/wp-json\/wp\/v2\/tags?post=1155"}],"curies":[{"name":"wp","href":"https:\/\/api.w.org\/{rel}","templated":true}]}}