{"id":926,"date":"2022-03-10T16:27:50","date_gmt":"2022-03-10T15:27:50","guid":{"rendered":"http:\/\/findmyspace.ch\/?p=926"},"modified":"2022-03-16T16:58:20","modified_gmt":"2022-03-16T15:58:20","slug":"stoneweg-gibt-partnerschaft-mit-planzer-fuer-die-vermietung-seines-dnk1-gebaeudes-in-daeniken-so-bekannt","status":"publish","type":"post","link":"https:\/\/findmyspace.ch\/de\/stoneweg-gibt-partnerschaft-mit-planzer-fuer-die-vermietung-seines-dnk1-gebaeudes-in-daeniken-so-bekannt\/","title":{"rendered":"Stoneweg gibt Partnerschaft mit Planzer f\u00fcr die Vermietung seines DNK1-Geb\u00e4udes in D\u00e4niken (SO) bekannt"},"content":{"rendered":"\n<p>Stoneweg und Planzer geben den Abschluss einer langfristigen Partnerschaft \u00fcber die Vermietung des DNK1-Geb\u00e4udes in D\u00e4niken bekannt.<\/p>\n\n\n\n<p>Das im Kanton Solothurn gelegene und im Besitz von Varia Swiss Realtech Properties (VSRP), dem Joint Venture von Stoneweg und Decalia, befindliche Geb\u00e4ude mit einer Fl\u00e4che von fast 50&#8217;000m2 wird in K\u00fcrze zum neuen Logistik-Hub von Planzer in dieser Region der Nordostschweiz werden.<\/p>\n\n\n\n<p>Das Geb\u00e4ude, urspr\u00fcnglich ein Standort der Post, war 2015 von VSRP in Form eines &#8222;Sale and Leaseback&#8220; von seinem derzeitigen Mieter, Meier Tobler, erworben worden, der die R\u00e4umlichkeiten am 31. Dezember 2023 r\u00e4umen wird. Planzer wird dann ab dem 1. Januar 2024 dort einziehen.<\/p>\n\n\n\n<p>DNK1 ist ideal zwischen Eisenbahn und Kantonsstra\u00dfe auf der Achse zwischen Ost und West gelegen und bietet 35 Laderampen und gro\u00dfe Lagerkapazit\u00e4ten.<\/p>\n","protected":false},"excerpt":{"rendered":"<p>Stoneweg und Planzer geben den Abschluss einer langfristigen Partnerschaft \u00fcber die Vermietung des DNK1-Geb\u00e4udes in D\u00e4niken bekannt. Das im Kanton<\/p>\n<div class=\"readmorelinkcontentbox\"><a href=\"https:\/\/findmyspace.ch\/de\/stoneweg-gibt-partnerschaft-mit-planzer-fuer-die-vermietung-seines-dnk1-gebaeudes-in-daeniken-so-bekannt\/\" rel=\"nofollow\">Weiterlesen<\/a><\/div>\n","protected":false},"author":7,"featured_media":756,"comment_status":"closed","ping_status":"closed","sticky":false,"template":"","format":"standard","meta":{"_acf_changed":false,"footnotes":""},"categories":[46],"tags":[],"class_list":["post-926","post","type-post","status-publish","format-standard","has-post-thumbnail","hentry","category-news"],"acf":[],"yoast_head":"<!-- This site is optimized with the Yoast SEO plugin v26.9 - https:\/\/yoast.com\/product\/yoast-seo-wordpress\/ -->\n<title>Stoneweg gibt Partnerschaft mit Planzer f\u00fcr die Vermietung seines DNK1-Geb\u00e4udes in D\u00e4niken (SO) bekannt - Find my space<\/title>\n<meta name=\"robots\" content=\"index, follow, max-snippet:-1, max-image-preview:large, max-video-preview:-1\" \/>\n<link rel=\"canonical\" href=\"https:\/\/findmyspace.ch\/de\/stoneweg-gibt-partnerschaft-mit-planzer-fuer-die-vermietung-seines-dnk1-gebaeudes-in-daeniken-so-bekannt\/\" \/>\n<meta property=\"og:locale\" content=\"de_DE\" \/>\n<meta property=\"og:type\" content=\"article\" \/>\n<meta property=\"og:title\" content=\"Stoneweg gibt Partnerschaft mit Planzer f\u00fcr die Vermietung seines DNK1-Geb\u00e4udes in D\u00e4niken (SO) bekannt - Find my space\" \/>\n<meta property=\"og:description\" content=\"Stoneweg und Planzer geben den Abschluss einer langfristigen Partnerschaft \u00fcber die Vermietung des DNK1-Geb\u00e4udes in D\u00e4niken bekannt. Das im KantonWeiterlesen\" \/>\n<meta property=\"og:url\" content=\"https:\/\/findmyspace.ch\/de\/stoneweg-gibt-partnerschaft-mit-planzer-fuer-die-vermietung-seines-dnk1-gebaeudes-in-daeniken-so-bekannt\/\" \/>\n<meta property=\"og:site_name\" content=\"Find my space\" \/>\n<meta property=\"article:published_time\" content=\"2022-03-10T15:27:50+00:00\" \/>\n<meta property=\"article:modified_time\" content=\"2022-03-16T15:58:20+00:00\" \/>\n<meta property=\"og:image\" content=\"https:\/\/findmyspace.ch\/wp-content\/uploads\/2022\/03\/DNK1_Daniken-1320x671.png\" \/>\n\t<meta property=\"og:image:width\" content=\"1320\" \/>\n\t<meta property=\"og:image:height\" content=\"671\" \/>\n\t<meta property=\"og:image:type\" content=\"image\/png\" \/>\n<meta name=\"author\" content=\"Ernestine Visser\" \/>\n<meta name=\"twitter:card\" content=\"summary_large_image\" \/>\n<meta name=\"twitter:label1\" content=\"Verfasst von\" \/>\n\t<meta name=\"twitter:data1\" content=\"Ernestine Visser\" \/>\n\t<meta name=\"twitter:label2\" content=\"Gesch\u00e4tzte Lesezeit\" \/>\n\t<meta name=\"twitter:data2\" content=\"1\u00a0Minute\" \/>\n<script type=\"application\/ld+json\" class=\"yoast-schema-graph\">{\"@context\":\"https:\/\/schema.org\",\"@graph\":[{\"@type\":\"Article\",\"@id\":\"https:\/\/findmyspace.ch\/de\/stoneweg-gibt-partnerschaft-mit-planzer-fuer-die-vermietung-seines-dnk1-gebaeudes-in-daeniken-so-bekannt\/#article\",\"isPartOf\":{\"@id\":\"https:\/\/findmyspace.ch\/de\/stoneweg-gibt-partnerschaft-mit-planzer-fuer-die-vermietung-seines-dnk1-gebaeudes-in-daeniken-so-bekannt\/\"},\"author\":{\"name\":\"Ernestine Visser\",\"@id\":\"https:\/\/findmyspace.ch\/#\/schema\/person\/98b9af3c54de6064132082260a2d3abb\"},\"headline\":\"Stoneweg gibt Partnerschaft mit Planzer f\u00fcr die Vermietung seines DNK1-Geb\u00e4udes in D\u00e4niken (SO) bekannt\",\"datePublished\":\"2022-03-10T15:27:50+00:00\",\"dateModified\":\"2022-03-16T15:58:20+00:00\",\"mainEntityOfPage\":{\"@id\":\"https:\/\/findmyspace.ch\/de\/stoneweg-gibt-partnerschaft-mit-planzer-fuer-die-vermietung-seines-dnk1-gebaeudes-in-daeniken-so-bekannt\/\"},\"wordCount\":151,\"publisher\":{\"@id\":\"https:\/\/findmyspace.ch\/#organization\"},\"image\":{\"@id\":\"https:\/\/findmyspace.ch\/de\/stoneweg-gibt-partnerschaft-mit-planzer-fuer-die-vermietung-seines-dnk1-gebaeudes-in-daeniken-so-bekannt\/#primaryimage\"},\"thumbnailUrl\":\"https:\/\/findmyspace.ch\/wp-content\/uploads\/2022\/03\/DNK1_Daniken.png\",\"articleSection\":[\"News\"],\"inLanguage\":\"de\"},{\"@type\":\"WebPage\",\"@id\":\"https:\/\/findmyspace.ch\/de\/stoneweg-gibt-partnerschaft-mit-planzer-fuer-die-vermietung-seines-dnk1-gebaeudes-in-daeniken-so-bekannt\/\",\"url\":\"https:\/\/findmyspace.ch\/de\/stoneweg-gibt-partnerschaft-mit-planzer-fuer-die-vermietung-seines-dnk1-gebaeudes-in-daeniken-so-bekannt\/\",\"name\":\"Stoneweg gibt Partnerschaft mit Planzer f\u00fcr die Vermietung seines DNK1-Geb\u00e4udes in D\u00e4niken (SO) bekannt - Find my space\",\"isPartOf\":{\"@id\":\"https:\/\/findmyspace.ch\/#website\"},\"primaryImageOfPage\":{\"@id\":\"https:\/\/findmyspace.ch\/de\/stoneweg-gibt-partnerschaft-mit-planzer-fuer-die-vermietung-seines-dnk1-gebaeudes-in-daeniken-so-bekannt\/#primaryimage\"},\"image\":{\"@id\":\"https:\/\/findmyspace.ch\/de\/stoneweg-gibt-partnerschaft-mit-planzer-fuer-die-vermietung-seines-dnk1-gebaeudes-in-daeniken-so-bekannt\/#primaryimage\"},\"thumbnailUrl\":\"https:\/\/findmyspace.ch\/wp-content\/uploads\/2022\/03\/DNK1_Daniken.png\",\"datePublished\":\"2022-03-10T15:27:50+00:00\",\"dateModified\":\"2022-03-16T15:58:20+00:00\",\"breadcrumb\":{\"@id\":\"https:\/\/findmyspace.ch\/de\/stoneweg-gibt-partnerschaft-mit-planzer-fuer-die-vermietung-seines-dnk1-gebaeudes-in-daeniken-so-bekannt\/#breadcrumb\"},\"inLanguage\":\"de\",\"potentialAction\":[{\"@type\":\"ReadAction\",\"target\":[\"https:\/\/findmyspace.ch\/de\/stoneweg-gibt-partnerschaft-mit-planzer-fuer-die-vermietung-seines-dnk1-gebaeudes-in-daeniken-so-bekannt\/\"]}]},{\"@type\":\"ImageObject\",\"inLanguage\":\"de\",\"@id\":\"https:\/\/findmyspace.ch\/de\/stoneweg-gibt-partnerschaft-mit-planzer-fuer-die-vermietung-seines-dnk1-gebaeudes-in-daeniken-so-bekannt\/#primaryimage\",\"url\":\"https:\/\/findmyspace.ch\/wp-content\/uploads\/2022\/03\/DNK1_Daniken.png\",\"contentUrl\":\"https:\/\/findmyspace.ch\/wp-content\/uploads\/2022\/03\/DNK1_Daniken.png\",\"width\":2054,\"height\":1044},{\"@type\":\"BreadcrumbList\",\"@id\":\"https:\/\/findmyspace.ch\/de\/stoneweg-gibt-partnerschaft-mit-planzer-fuer-die-vermietung-seines-dnk1-gebaeudes-in-daeniken-so-bekannt\/#breadcrumb\",\"itemListElement\":[{\"@type\":\"ListItem\",\"position\":1,\"name\":\"Home\",\"item\":\"https:\/\/findmyspace.ch\/de\/\"},{\"@type\":\"ListItem\",\"position\":2,\"name\":\"Stoneweg gibt Partnerschaft mit Planzer f\u00fcr die Vermietung seines DNK1-Geb\u00e4udes in D\u00e4niken (SO) bekannt\"}]},{\"@type\":\"WebSite\",\"@id\":\"https:\/\/findmyspace.ch\/#website\",\"url\":\"https:\/\/findmyspace.ch\/\",\"name\":\"Find my space\",\"description\":\"Surfaces commerciales et industrielles\",\"publisher\":{\"@id\":\"https:\/\/findmyspace.ch\/#organization\"},\"potentialAction\":[{\"@type\":\"SearchAction\",\"target\":{\"@type\":\"EntryPoint\",\"urlTemplate\":\"https:\/\/findmyspace.ch\/?s={search_term_string}\"},\"query-input\":{\"@type\":\"PropertyValueSpecification\",\"valueRequired\":true,\"valueName\":\"search_term_string\"}}],\"inLanguage\":\"de\"},{\"@type\":\"Organization\",\"@id\":\"https:\/\/findmyspace.ch\/#organization\",\"name\":\"Find my space\",\"url\":\"https:\/\/findmyspace.ch\/\",\"logo\":{\"@type\":\"ImageObject\",\"inLanguage\":\"de\",\"@id\":\"https:\/\/findmyspace.ch\/#\/schema\/logo\/image\/\",\"url\":\"https:\/\/findmyspace.ch\/wp-content\/uploads\/2022\/09\/findmyspace.png\",\"contentUrl\":\"https:\/\/findmyspace.ch\/wp-content\/uploads\/2022\/09\/findmyspace.png\",\"width\":152,\"height\":93,\"caption\":\"Find my space\"},\"image\":{\"@id\":\"https:\/\/findmyspace.ch\/#\/schema\/logo\/image\/\"}},{\"@type\":\"Person\",\"@id\":\"https:\/\/findmyspace.ch\/#\/schema\/person\/98b9af3c54de6064132082260a2d3abb\",\"name\":\"Ernestine Visser\",\"image\":{\"@type\":\"ImageObject\",\"inLanguage\":\"de\",\"@id\":\"https:\/\/findmyspace.ch\/#\/schema\/person\/image\/\",\"url\":\"https:\/\/secure.gravatar.com\/avatar\/9200e3cc8f0b1182dac763f29ffff96d7f70538f1bf7e6f753e81739f7fee93d?s=96&d=mm&r=g\",\"contentUrl\":\"https:\/\/secure.gravatar.com\/avatar\/9200e3cc8f0b1182dac763f29ffff96d7f70538f1bf7e6f753e81739f7fee93d?s=96&d=mm&r=g\",\"caption\":\"Ernestine Visser\"},\"url\":\"https:\/\/findmyspace.ch\/de\/author\/ernestine-visser\/\"}]}<\/script>\n<!-- \/ Yoast SEO plugin. -->","yoast_head_json":{"title":"Stoneweg gibt Partnerschaft mit Planzer f\u00fcr die Vermietung seines DNK1-Geb\u00e4udes in D\u00e4niken (SO) bekannt - Find my space","robots":{"index":"index","follow":"follow","max-snippet":"max-snippet:-1","max-image-preview":"max-image-preview:large","max-video-preview":"max-video-preview:-1"},"canonical":"https:\/\/findmyspace.ch\/de\/stoneweg-gibt-partnerschaft-mit-planzer-fuer-die-vermietung-seines-dnk1-gebaeudes-in-daeniken-so-bekannt\/","og_locale":"de_DE","og_type":"article","og_title":"Stoneweg gibt Partnerschaft mit Planzer f\u00fcr die Vermietung seines DNK1-Geb\u00e4udes in D\u00e4niken (SO) bekannt - Find my space","og_description":"Stoneweg und Planzer geben den Abschluss einer langfristigen Partnerschaft \u00fcber die Vermietung des DNK1-Geb\u00e4udes in D\u00e4niken bekannt. Das im KantonWeiterlesen","og_url":"https:\/\/findmyspace.ch\/de\/stoneweg-gibt-partnerschaft-mit-planzer-fuer-die-vermietung-seines-dnk1-gebaeudes-in-daeniken-so-bekannt\/","og_site_name":"Find my space","article_published_time":"2022-03-10T15:27:50+00:00","article_modified_time":"2022-03-16T15:58:20+00:00","og_image":[{"width":1320,"height":671,"url":"https:\/\/findmyspace.ch\/wp-content\/uploads\/2022\/03\/DNK1_Daniken-1320x671.png","type":"image\/png"}],"author":"Ernestine Visser","twitter_card":"summary_large_image","twitter_misc":{"Verfasst von":"Ernestine Visser","Gesch\u00e4tzte Lesezeit":"1\u00a0Minute"},"schema":{"@context":"https:\/\/schema.org","@graph":[{"@type":"Article","@id":"https:\/\/findmyspace.ch\/de\/stoneweg-gibt-partnerschaft-mit-planzer-fuer-die-vermietung-seines-dnk1-gebaeudes-in-daeniken-so-bekannt\/#article","isPartOf":{"@id":"https:\/\/findmyspace.ch\/de\/stoneweg-gibt-partnerschaft-mit-planzer-fuer-die-vermietung-seines-dnk1-gebaeudes-in-daeniken-so-bekannt\/"},"author":{"name":"Ernestine Visser","@id":"https:\/\/findmyspace.ch\/#\/schema\/person\/98b9af3c54de6064132082260a2d3abb"},"headline":"Stoneweg gibt Partnerschaft mit Planzer f\u00fcr die Vermietung seines DNK1-Geb\u00e4udes in D\u00e4niken (SO) bekannt","datePublished":"2022-03-10T15:27:50+00:00","dateModified":"2022-03-16T15:58:20+00:00","mainEntityOfPage":{"@id":"https:\/\/findmyspace.ch\/de\/stoneweg-gibt-partnerschaft-mit-planzer-fuer-die-vermietung-seines-dnk1-gebaeudes-in-daeniken-so-bekannt\/"},"wordCount":151,"publisher":{"@id":"https:\/\/findmyspace.ch\/#organization"},"image":{"@id":"https:\/\/findmyspace.ch\/de\/stoneweg-gibt-partnerschaft-mit-planzer-fuer-die-vermietung-seines-dnk1-gebaeudes-in-daeniken-so-bekannt\/#primaryimage"},"thumbnailUrl":"https:\/\/findmyspace.ch\/wp-content\/uploads\/2022\/03\/DNK1_Daniken.png","articleSection":["News"],"inLanguage":"de"},{"@type":"WebPage","@id":"https:\/\/findmyspace.ch\/de\/stoneweg-gibt-partnerschaft-mit-planzer-fuer-die-vermietung-seines-dnk1-gebaeudes-in-daeniken-so-bekannt\/","url":"https:\/\/findmyspace.ch\/de\/stoneweg-gibt-partnerschaft-mit-planzer-fuer-die-vermietung-seines-dnk1-gebaeudes-in-daeniken-so-bekannt\/","name":"Stoneweg gibt Partnerschaft mit Planzer f\u00fcr die Vermietung seines DNK1-Geb\u00e4udes in D\u00e4niken (SO) bekannt - Find my space","isPartOf":{"@id":"https:\/\/findmyspace.ch\/#website"},"primaryImageOfPage":{"@id":"https:\/\/findmyspace.ch\/de\/stoneweg-gibt-partnerschaft-mit-planzer-fuer-die-vermietung-seines-dnk1-gebaeudes-in-daeniken-so-bekannt\/#primaryimage"},"image":{"@id":"https:\/\/findmyspace.ch\/de\/stoneweg-gibt-partnerschaft-mit-planzer-fuer-die-vermietung-seines-dnk1-gebaeudes-in-daeniken-so-bekannt\/#primaryimage"},"thumbnailUrl":"https:\/\/findmyspace.ch\/wp-content\/uploads\/2022\/03\/DNK1_Daniken.png","datePublished":"2022-03-10T15:27:50+00:00","dateModified":"2022-03-16T15:58:20+00:00","breadcrumb":{"@id":"https:\/\/findmyspace.ch\/de\/stoneweg-gibt-partnerschaft-mit-planzer-fuer-die-vermietung-seines-dnk1-gebaeudes-in-daeniken-so-bekannt\/#breadcrumb"},"inLanguage":"de","potentialAction":[{"@type":"ReadAction","target":["https:\/\/findmyspace.ch\/de\/stoneweg-gibt-partnerschaft-mit-planzer-fuer-die-vermietung-seines-dnk1-gebaeudes-in-daeniken-so-bekannt\/"]}]},{"@type":"ImageObject","inLanguage":"de","@id":"https:\/\/findmyspace.ch\/de\/stoneweg-gibt-partnerschaft-mit-planzer-fuer-die-vermietung-seines-dnk1-gebaeudes-in-daeniken-so-bekannt\/#primaryimage","url":"https:\/\/findmyspace.ch\/wp-content\/uploads\/2022\/03\/DNK1_Daniken.png","contentUrl":"https:\/\/findmyspace.ch\/wp-content\/uploads\/2022\/03\/DNK1_Daniken.png","width":2054,"height":1044},{"@type":"BreadcrumbList","@id":"https:\/\/findmyspace.ch\/de\/stoneweg-gibt-partnerschaft-mit-planzer-fuer-die-vermietung-seines-dnk1-gebaeudes-in-daeniken-so-bekannt\/#breadcrumb","itemListElement":[{"@type":"ListItem","position":1,"name":"Home","item":"https:\/\/findmyspace.ch\/de\/"},{"@type":"ListItem","position":2,"name":"Stoneweg gibt Partnerschaft mit Planzer f\u00fcr die Vermietung seines DNK1-Geb\u00e4udes in D\u00e4niken (SO) bekannt"}]},{"@type":"WebSite","@id":"https:\/\/findmyspace.ch\/#website","url":"https:\/\/findmyspace.ch\/","name":"Find my space","description":"Surfaces commerciales et industrielles","publisher":{"@id":"https:\/\/findmyspace.ch\/#organization"},"potentialAction":[{"@type":"SearchAction","target":{"@type":"EntryPoint","urlTemplate":"https:\/\/findmyspace.ch\/?s={search_term_string}"},"query-input":{"@type":"PropertyValueSpecification","valueRequired":true,"valueName":"search_term_string"}}],"inLanguage":"de"},{"@type":"Organization","@id":"https:\/\/findmyspace.ch\/#organization","name":"Find my space","url":"https:\/\/findmyspace.ch\/","logo":{"@type":"ImageObject","inLanguage":"de","@id":"https:\/\/findmyspace.ch\/#\/schema\/logo\/image\/","url":"https:\/\/findmyspace.ch\/wp-content\/uploads\/2022\/09\/findmyspace.png","contentUrl":"https:\/\/findmyspace.ch\/wp-content\/uploads\/2022\/09\/findmyspace.png","width":152,"height":93,"caption":"Find my space"},"image":{"@id":"https:\/\/findmyspace.ch\/#\/schema\/logo\/image\/"}},{"@type":"Person","@id":"https:\/\/findmyspace.ch\/#\/schema\/person\/98b9af3c54de6064132082260a2d3abb","name":"Ernestine Visser","image":{"@type":"ImageObject","inLanguage":"de","@id":"https:\/\/findmyspace.ch\/#\/schema\/person\/image\/","url":"https:\/\/secure.gravatar.com\/avatar\/9200e3cc8f0b1182dac763f29ffff96d7f70538f1bf7e6f753e81739f7fee93d?s=96&d=mm&r=g","contentUrl":"https:\/\/secure.gravatar.com\/avatar\/9200e3cc8f0b1182dac763f29ffff96d7f70538f1bf7e6f753e81739f7fee93d?s=96&d=mm&r=g","caption":"Ernestine Visser"},"url":"https:\/\/findmyspace.ch\/de\/author\/ernestine-visser\/"}]}},"_links":{"self":[{"href":"https:\/\/findmyspace.ch\/de\/wp-json\/wp\/v2\/posts\/926","targetHints":{"allow":["GET"]}}],"collection":[{"href":"https:\/\/findmyspace.ch\/de\/wp-json\/wp\/v2\/posts"}],"about":[{"href":"https:\/\/findmyspace.ch\/de\/wp-json\/wp\/v2\/types\/post"}],"author":[{"embeddable":true,"href":"https:\/\/findmyspace.ch\/de\/wp-json\/wp\/v2\/users\/7"}],"replies":[{"embeddable":true,"href":"https:\/\/findmyspace.ch\/de\/wp-json\/wp\/v2\/comments?post=926"}],"version-history":[{"count":1,"href":"https:\/\/findmyspace.ch\/de\/wp-json\/wp\/v2\/posts\/926\/revisions"}],"predecessor-version":[{"id":927,"href":"https:\/\/findmyspace.ch\/de\/wp-json\/wp\/v2\/posts\/926\/revisions\/927"}],"wp:featuredmedia":[{"embeddable":true,"href":"https:\/\/findmyspace.ch\/de\/wp-json\/wp\/v2\/media\/756"}],"wp:attachment":[{"href":"https:\/\/findmyspace.ch\/de\/wp-json\/wp\/v2\/media?parent=926"}],"wp:term":[{"taxonomy":"category","embeddable":true,"href":"https:\/\/findmyspace.ch\/de\/wp-json\/wp\/v2\/categories?post=926"},{"taxonomy":"post_tag","embeddable":true,"href":"https:\/\/findmyspace.ch\/de\/wp-json\/wp\/v2\/tags?post=926"}],"curies":[{"name":"wp","href":"https:\/\/api.w.org\/{rel}","templated":true}]}}